{"id":2188,"date":"2014-02-03T21:51:01","date_gmt":"2014-02-03T20:51:01","guid":{"rendered":"http:\/\/www.goemuergen.de\/?p=2188"},"modified":"2014-12-16T01:26:43","modified_gmt":"2014-12-16T00:26:43","slug":"2188","status":"publish","type":"post","link":"https:\/\/www.goemuergen.de\/?p=2188&lang=pl","title":{"rendered":"Ulga G\u00f6m\u00fcrgen e.V."},"content":{"rendered":"<p>My, cz\u0142onkowie wsi G\u00f6m\u00fcrgen jeste\u015bmy rozproszeni na terenie Niemiec.<\/p>\n<p>Uwa\u017camy, \u017ce my, przez to \u017ce pami\u0119tamy oraz naszych wielkich i ma\u0142ych u\u017cytkownik\u00f3w wsi pod jednym dachem \u0142\u0105czymy, wzmocniamy nasz\u0105 solidarno\u015b\u0107 i nasz\u0105 sp\u00f3jno\u015b\u0107.<br \/>\nChcemy uczy\u0107 naszych m\u0142odych ludzi, \u017ce maj\u0105 te same korzenie i chcemy u\u0142atwi\u0107 im, poznanie si\u0119 aby zamkn\u0105\u0107 przyja\u017ani.<\/p>\n<p>Chcemy skonsolidowa\u0107 naszych wykszta\u0142conych m\u0142odych ludzi w ich wzajemnej wymianie pomys\u0142\u00f3w.<\/p>\n<p>Chcemy tu dialog mi\u0119dzy \u017cyciem naszych mieszka\u0144c\u00f3w wsi i tych, kt\u00f3rzy \u017cyj\u0105 tutaj, i po\u015bredniczy\u0107, \u017ce lokalni mieszka\u0144cy dostan\u0105 wsparcie na poziomie finansowym, mentalnym i spo\u0142ecznym.<\/p>\n<p>Aby osi\u0105gn\u0105\u0107 ten cel, stworzyli\u015bmy 23 Wrze\u015bnia 2001 r. Fundusz G\u00f6m\u00fcrgen.<\/p>\n<p>Od 14. Kwietnia 2002 jeste\u015bmy zarejestrowani jako organizacja charytatywna.<\/p>\n<p>Z powa\u017caniem<br \/>\nZarz\u0105d Sp\u00f3\u0142ki<\/p>\n<p>Email: <a onclick=\"javascript:pageTracker._trackPageview('\/mailto\/oemer.adiguezel@goemuergen.de');\"  href=\"mailto:oemer.adiguezel@goemuergen.de\">oemer.adiguezel@goemuergen.de<\/a><\/p>\n","protected":false},"excerpt":{"rendered":"<p>My, cz\u0142onkowie wsi G\u00f6m\u00fcrgen jeste\u015bmy rozproszeni na terenie Niemiec. Uwa\u017camy, \u017ce my, przez to \u017ce pami\u0119tamy oraz naszych wielkich i ma\u0142ych u\u017cytkownik\u00f3w wsi pod jednym dachem \u0142\u0105czymy, wzmocniamy nasz\u0105 solidarno\u015b\u0107 i nasz\u0105 sp\u00f3jno\u015b\u0107. Chcemy uczy\u0107 naszych m\u0142odych ludzi, \u017ce maj\u0105 te same korzenie i chcemy u\u0142atwi\u0107 im, poznanie si\u0119 aby zamkn\u0105\u0107 przyja\u017ani. Chcemy skonsolidowa\u0107 naszych [&hellip;]<\/p>\n","protected":false},"author":1,"featured_media":0,"comment_status":"closed","ping_status":"open","sticky":false,"template":"","format":"standard","meta":{"ngg_post_thumbnail":0,"footnotes":""},"categories":[15],"tags":[],"class_list":["post-2188","post","type-post","status-publish","format-standard","hentry","category-bez-kategorii"],"_links":{"self":[{"href":"https:\/\/www.goemuergen.de\/index.php?rest_route=\/wp\/v2\/posts\/2188","targetHints":{"allow":["GET"]}}],"collection":[{"href":"https:\/\/www.goemuergen.de\/index.php?rest_route=\/wp\/v2\/posts"}],"about":[{"href":"https:\/\/www.goemuergen.de\/index.php?rest_route=\/wp\/v2\/types\/post"}],"author":[{"embeddable":true,"href":"https:\/\/www.goemuergen.de\/index.php?rest_route=\/wp\/v2\/users\/1"}],"replies":[{"embeddable":true,"href":"https:\/\/www.goemuergen.de\/index.php?rest_route=%2Fwp%2Fv2%2Fcomments&post=2188"}],"version-history":[{"count":0,"href":"https:\/\/www.goemuergen.de\/index.php?rest_route=\/wp\/v2\/posts\/2188\/revisions"}],"wp:attachment":[{"href":"https:\/\/www.goemuergen.de\/index.php?rest_route=%2Fwp%2Fv2%2Fmedia&parent=2188"}],"wp:term":[{"taxonomy":"category","embeddable":true,"href":"https:\/\/www.goemuergen.de\/index.php?rest_route=%2Fwp%2Fv2%2Fcategories&post=2188"},{"taxonomy":"post_tag","embeddable":true,"href":"https:\/\/www.goemuergen.de\/index.php?rest_route=%2Fwp%2Fv2%2Ftags&post=2188"}],"curies":[{"name":"wp","href":"https:\/\/api.w.org\/{rel}","templated":true}]}}