{"id":2011,"date":"2014-01-26T19:27:41","date_gmt":"2014-01-26T18:27:41","guid":{"rendered":"http:\/\/www.goemuergen.de\/?p=2011"},"modified":"2014-12-16T01:27:44","modified_gmt":"2014-12-16T00:27:44","slug":"home","status":"publish","type":"post","link":"https:\/\/www.goemuergen.de\/?p=2011&lang=hu","title":{"rendered":"Relief G\u00f6m\u00fcrgen e.V."},"content":{"rendered":"<p>Mi, G\u00f6m\u00fcrgen falu lak\u00f3i sz\u00e9les k\u00f6rben sz\u00e9tsz\u00f3r\u00f3dtunk N\u00e9metorsz\u00e1gban.<\/p>\n<p>Hisz\u00fcnk szolidarit\u00e1sunk er\u0151ss\u00e9g\u00e9ben, \u00e9s figyelembe v\u00e9ve ezt, a fiatalok \u00e9s id\u0151sebbek k\u00f6zti kapcsolat l\u00e9trehoz\u00e1s\u00e1ban.<\/p>\n<p>Azt szeretn\u00e9nk tudatni a mi fiatal k\u00e9pzett embereinkkel, hogy mindannyian k\u00f6z\u00f6s gy\u00f6kerekkel rendelkez\u00fcnk. Ez\u00e9rt c\u00e9lunk, hogy megk\u00f6nny\u00edts\u00fck egym\u00e1s megismer\u00e9s\u00e9t, hogy bar\u00e1tokat szerezhessenek, valamint javasoljuk, hogy k\u00f6nnyebben ossz\u00e1k meg \u00f6tleteiket egym\u00e1s k\u00f6z\u00f6tt a k\u00e9pzett fiatalok.<\/p>\n<p>A f\u0151 c\u00e9l, hogy fel\u00e9p\u00edts\u00fcnk egy p\u00e1rbesz\u00e9det a m\u00e9g a faluban \u00e9s a m\u00e1r N\u00e9metorsz\u00e1gban \u00e9l\u0151k k\u00f6z\u00f6tt.<\/p>\n<p>Annak tudat\u00e1ban, hogy mindannyian ugyanabb\u00f3l a t\u00f6r\u00f6korsz\u00e1gi r\u00e9gi\u00f3b\u00f3l sz\u00e1rmazunk, t\u00e1mogatni akarjuk az ott \u00e9l\u0151ket.<\/p>\n<p>2001 szeptember 23.-\u00e1n ez okb\u00f3l alap\u00edtottunk egy seg\u00e9lyszervezetet G\u00f6m\u00fcrgen siker\u00e9\u00e9rt.<\/p>\n<p>2002 \u00e1prilis 14.-e \u00f3ta, mint nem kereskedelmi egyes\u00fcletk\u00e9nt szerepel\u00fcnk.<\/p>\n<p>&nbsp;<\/p>\n<p>Tisztelettel:<\/p>\n<p>Eln\u00f6k<\/p>\n<p>Email: <a onclick=\"javascript:pageTracker._trackPageview('\/mailto\/oemer.adiguezel@goemuergen.de');\"  href=\"mailto:oemer.adiguezel@goemuergen.de\">oemer.adiguezel@goemuergen.de<\/a><\/p>\n","protected":false},"excerpt":{"rendered":"<p>Mi, G\u00f6m\u00fcrgen falu lak\u00f3i sz\u00e9les k\u00f6rben sz\u00e9tsz\u00f3r\u00f3dtunk N\u00e9metorsz\u00e1gban. Hisz\u00fcnk szolidarit\u00e1sunk er\u0151ss\u00e9g\u00e9ben, \u00e9s figyelembe v\u00e9ve ezt, a fiatalok \u00e9s id\u0151sebbek k\u00f6zti kapcsolat l\u00e9trehoz\u00e1s\u00e1ban. Azt szeretn\u00e9nk tudatni a mi fiatal k\u00e9pzett embereinkkel, hogy mindannyian k\u00f6z\u00f6s gy\u00f6kerekkel rendelkez\u00fcnk. Ez\u00e9rt c\u00e9lunk, hogy megk\u00f6nny\u00edts\u00fck egym\u00e1s megismer\u00e9s\u00e9t, hogy bar\u00e1tokat szerezhessenek, valamint javasoljuk, hogy k\u00f6nnyebben ossz\u00e1k meg \u00f6tleteiket egym\u00e1s k\u00f6z\u00f6tt a k\u00e9pzett [&hellip;]<\/p>\n","protected":false},"author":1,"featured_media":0,"comment_status":"closed","ping_status":"open","sticky":false,"template":"","format":"standard","meta":{"ngg_post_thumbnail":0,"footnotes":""},"categories":[14],"tags":[],"class_list":["post-2011","post","type-post","status-publish","format-standard","hentry","category-uncategorized-hu"],"_links":{"self":[{"href":"https:\/\/www.goemuergen.de\/index.php?rest_route=\/wp\/v2\/posts\/2011","targetHints":{"allow":["GET"]}}],"collection":[{"href":"https:\/\/www.goemuergen.de\/index.php?rest_route=\/wp\/v2\/posts"}],"about":[{"href":"https:\/\/www.goemuergen.de\/index.php?rest_route=\/wp\/v2\/types\/post"}],"author":[{"embeddable":true,"href":"https:\/\/www.goemuergen.de\/index.php?rest_route=\/wp\/v2\/users\/1"}],"replies":[{"embeddable":true,"href":"https:\/\/www.goemuergen.de\/index.php?rest_route=%2Fwp%2Fv2%2Fcomments&post=2011"}],"version-history":[{"count":0,"href":"https:\/\/www.goemuergen.de\/index.php?rest_route=\/wp\/v2\/posts\/2011\/revisions"}],"wp:attachment":[{"href":"https:\/\/www.goemuergen.de\/index.php?rest_route=%2Fwp%2Fv2%2Fmedia&parent=2011"}],"wp:term":[{"taxonomy":"category","embeddable":true,"href":"https:\/\/www.goemuergen.de\/index.php?rest_route=%2Fwp%2Fv2%2Fcategories&post=2011"},{"taxonomy":"post_tag","embeddable":true,"href":"https:\/\/www.goemuergen.de\/index.php?rest_route=%2Fwp%2Fv2%2Ftags&post=2011"}],"curies":[{"name":"wp","href":"https:\/\/api.w.org\/{rel}","templated":true}]}}